{"id":651,"date":"2020-07-19T19:28:20","date_gmt":"2020-07-19T17:28:20","guid":{"rendered":"http:\/\/cestpourtoi.fr\/?p=651"},"modified":"2022-03-14T11:44:27","modified_gmt":"2022-03-14T10:44:27","slug":"journee-de-la-solidarite-2020","status":"publish","type":"post","link":"http:\/\/cestpourtoi.fr\/?p=651","title":{"rendered":"Journ\u00e9e de la Solidarit\u00e9 2020"},"content":{"rendered":"<p>[et_pb_section admin_label=\u00a0\u00bbsection\u00a0\u00bb]<br \/>\n\t\t\t[et_pb_row admin_label=\u00a0\u00bbrow\u00a0\u00bb]<br \/>\n\t\t\t\t[et_pb_column type=\u00a0\u00bb4_4&Prime;][et_pb_text admin_label=\u00a0\u00bbText\u00a0\u00bb]<img loading=\"lazy\" class=\"alignnone size-thumbnail wp-image-615\" src=\"http:\/\/cestpourtoi.fr\/wp-content\/uploads\/2020\/07\/Journ\u00e9e-de-la-solidarit\u00e9-12-sept-2020-150x150.jpg\" alt=\"\" width=\"150\" height=\"150\"><\/p>\n<p>La Journ\u00e9e de la Solidarit\u00e9 est fix\u00e9e au samedi 12 septembre 2020.<\/p>\n<p>M\u00eame si le risque d\u2019annulation de notre \u00e9v\u00e9nement principal demeure pr\u00e9sent, l\u2019activit\u00e9 de notre association reste tout de m\u00eame possible sous certaines conditions.<\/p>\n<p>Nous avons envisag\u00e9 2 cas de figure pour l\u2019instant :<\/p>\n<p><span style=\"color: #0000ff;\"><strong>Cas N\u00b01 : la journ\u00e9e de la Solidarit\u00e9&nbsp;<em>est maintenue<\/em><\/strong><\/span><\/p>\n<p>Pour vous accueillir dans les meilleures conditions, nous mettrons en place un protocole sanitaire afin de pr\u00e9ciser les modalit\u00e9s pratiques de fonctionnement et dans le strict respect des prescriptions \u00e9mises par les autorit\u00e9s de la fili\u00e8re \u00e9v\u00e9nementielle, mais \u00e9galement dans le cadre des activit\u00e9s sportives.<\/p>\n<p><span style=\"color: #0000ff;\"><strong>Cas N\u00b02 : la journ\u00e9e de la Solidarit\u00e9&nbsp;<em>n\u2019est pas maintenue<\/em><\/strong><\/span><\/p>\n<p>Pour vous proposer une alternative, nous mettrons en place un service de vente \u00e0 emporter avec une zone de r\u00e9cup\u00e9ration am\u00e9nag\u00e9e dans le respect absolu des gestes barri\u00e8res et des mesures de distanciation.<\/p>\n<p>La liste n\u2019est pas encore d\u00e9finitive, mais vous trouverez :<\/p>\n<ul>\n<li>Des t-shirts \u00e9dition 2020,<\/li>\n<li>Des gobelets (nouveaut\u00e9),<\/li>\n<li>Des tickets de tombola,<\/li>\n<li>Des boissons, sandwichs si les conditions le permettent,<\/li>\n<li>etc.<\/li>\n<\/ul>\n<p>[\/et_pb_text][\/et_pb_column]<br \/>\n\t\t\t[\/et_pb_row]<br \/>\n\t\t[\/et_pb_section]<\/p>\n","protected":false},"excerpt":{"rendered":"<p>[et_pb_section admin_label=\u00a0\u00bbsection\u00a0\u00bb] [et_pb_row admin_label=\u00a0\u00bbrow\u00a0\u00bb] [et_pb_column type=\u00a0\u00bb4_4&Prime;][et_pb_text admin_label=\u00a0\u00bbText\u00a0\u00bb] La Journ\u00e9e de&nbsp;[&hellip;]<\/p>\n","protected":false},"author":1,"featured_media":0,"comment_status":"open","ping_status":"open","sticky":false,"template":"","format":"standard","meta":{"ngg_post_thumbnail":0,"_et_pb_use_builder":"on","_et_pb_old_content":"<img class=\"alignnone size-thumbnail wp-image-615\" src=\"http:\/\/cestpourtoi.fr\/wp-content\/uploads\/2020\/07\/Journ\u00e9e-de-la-solidarit\u00e9-12-sept-2020-150x150.jpg\" alt=\"\" width=\"150\" height=\"150\">\n\nLa Journ\u00e9e de la Solidarit\u00e9 est fix\u00e9e au samedi 12 septembre 2020.\n\nM\u00eame si le risque d\u2019annulation de notre \u00e9v\u00e9nement principal demeure pr\u00e9sent, l\u2019activit\u00e9 de notre association reste tout de m\u00eame possible sous certaines conditions.\n\nNous avons envisag\u00e9 2 cas de figure pour l\u2019instant :\n\n<span style=\"color: #0000ff;\"><strong>Cas N\u00b01 : la journ\u00e9e de la Solidarit\u00e9&nbsp;<em>est maintenue<\/em><\/strong><\/span>\n\nPour vous accueillir dans les meilleures conditions, nous mettrons en place un protocole sanitaire afin de pr\u00e9ciser les modalit\u00e9s pratiques de fonctionnement et dans le strict respect des prescriptions \u00e9mises par les autorit\u00e9s de la fili\u00e8re \u00e9v\u00e9nementielle, mais \u00e9galement dans le cadre des activit\u00e9s sportives.\n\n<span style=\"color: #0000ff;\"><strong>Cas N\u00b02 : la journ\u00e9e de la Solidarit\u00e9&nbsp;<em>n\u2019est pas maintenue<\/em><\/strong><\/span>\n\nPour vous proposer une alternative, nous mettrons en place un service de vente \u00e0 emporter avec une zone de r\u00e9cup\u00e9ration am\u00e9nag\u00e9e dans le respect absolu des gestes barri\u00e8res et des mesures de distanciation.\n\nLa liste n\u2019est pas encore d\u00e9finitive, mais vous trouverez :\n<ul>\n \t<li>Des t-shirts \u00e9dition 2020,<\/li>\n \t<li>Des gobelets (nouveaut\u00e9),<\/li>\n \t<li>Des tickets de tombola,<\/li>\n \t<li>Des boissons, sandwichs si les conditions le permettent,<\/li>\n \t<li>etc.<\/li>\n<\/ul>","_et_gb_content_width":""},"categories":[6],"tags":[],"_links":{"self":[{"href":"http:\/\/cestpourtoi.fr\/index.php?rest_route=\/wp\/v2\/posts\/651"}],"collection":[{"href":"http:\/\/cestpourtoi.fr\/index.php?rest_route=\/wp\/v2\/posts"}],"about":[{"href":"http:\/\/cestpourtoi.fr\/index.php?rest_route=\/wp\/v2\/types\/post"}],"author":[{"embeddable":true,"href":"http:\/\/cestpourtoi.fr\/index.php?rest_route=\/wp\/v2\/users\/1"}],"replies":[{"embeddable":true,"href":"http:\/\/cestpourtoi.fr\/index.php?rest_route=%2Fwp%2Fv2%2Fcomments&post=651"}],"version-history":[{"count":5,"href":"http:\/\/cestpourtoi.fr\/index.php?rest_route=\/wp\/v2\/posts\/651\/revisions"}],"predecessor-version":[{"id":1531,"href":"http:\/\/cestpourtoi.fr\/index.php?rest_route=\/wp\/v2\/posts\/651\/revisions\/1531"}],"wp:attachment":[{"href":"http:\/\/cestpourtoi.fr\/index.php?rest_route=%2Fwp%2Fv2%2Fmedia&parent=651"}],"wp:term":[{"taxonomy":"category","embeddable":true,"href":"http:\/\/cestpourtoi.fr\/index.php?rest_route=%2Fwp%2Fv2%2Fcategories&post=651"},{"taxonomy":"post_tag","embeddable":true,"href":"http:\/\/cestpourtoi.fr\/index.php?rest_route=%2Fwp%2Fv2%2Ftags&post=651"}],"curies":[{"name":"wp","href":"https:\/\/api.w.org\/{rel}","templated":true}]}}